{"id":10293,"date":"2023-11-02T16:44:50","date_gmt":"2023-11-02T16:44:50","guid":{"rendered":"https:\/\/www.uliveus.it\/?p=10293"},"modified":"2024-12-03T18:36:54","modified_gmt":"2024-12-03T18:36:54","slug":"il-mare-il-caffe-e-la-luce-del-mattino","status":"publish","type":"post","link":"https:\/\/www.uliveus.it\/en\/il-mare-il-caffe-e-la-luce-del-mattino\/","title":{"rendered":"The sea, the coffee and the morning light!"},"content":{"rendered":"<p class=\"wp-block-paragraph\">Sono tornato anche per questo, qui, a casa, per questi piccoli e solenni momenti di felicit\u00e0.<\/p>\n\n\n\n<p class=\"wp-block-paragraph\">Svegliarsi presto, con gli occhi socchiusi e appena usciti dal sonno, aprire la finestra ed essere inondati dall\u2019aria di mare, dal suono della risacca sulla scogliera, dalla luce del mattino. L\u2019aria di mare, che entra in gola con ruvida prepotenza, \u00e8 aria di casa, sul mare sono nato, qui sono cresciuto. Sull\u2019acqua, archetipo materno, sul mare che \u00e8 luogo di libert\u00e0, una porta sull\u2019infinito.<\/p>\n\n\n\n<p class=\"wp-block-paragraph\">E la luce, poi, la luce giovane che viene dall\u2019est, dipinge rapida un orizzonte fantastico, colorandolo con migliaia di gradazioni di rosso, di giallo, di rosa, che s\u2019insinuano come acquarelli nell\u2019azzurro del cielo. Dicono che sia la luce preferita dai registi, la luce dell\u2019est. La cercano perch\u00e9 \u00e8 speciale dal punto di vista fotografico, ma soprattutto perch\u00e9 \u00e8 magica, perfetta per dar vita ai loro sogni, per dar corpo ai fantasmi della loro immaginazione. Ecco, appunto, \u00e8 questo essere sospesi sul limitare tra sonno e veglia, tra sogni e realt\u00e0 il senso di questi momenti preziosi.<\/p>\n\n\n\n<p class=\"wp-block-paragraph\">La realt\u00e0 poi irrompe, con il risveglio dei sensi ma anche con la potenza consolatoria ed emotivamente rassicurante di un piccolo gesto rituale: un caff\u00e8, l\u2019aroma e il gusto concentrati, estratti da una tradizione antica, valore minimo e insostituibile di una cultura centenaria. Un piccolo gesto nel segno dei valori dell\u2019accoglienza, da condividere con gli altri in pause quotidiane strappate al dovere, ma anche, come in questo caso, strettamente private,&nbsp;<em>reservate&nbsp;<\/em>e intime, con i sensi rivolti verso il mondo e lo sguardo dentro di noi.<\/p>\n\n\n\n<figure class=\"wp-block-image size-full\"><img decoding=\"async\" src=\"https:\/\/uliveus.barikreativa.it\/wp-content\/uploads\/2023\/11\/accoglienza.jpg\" alt=\"\" class=\"wp-image-10295\"\/><\/figure>\n\n\n\n<p class=\"wp-block-paragraph\">Piccoli momenti appunto, apparentemente trascurabili, che invece ci regalano una felicit\u00e0 lancinante e subitanea, immediata, senza che si possa nemmeno spiegarne il motivo. Forse \u00e8 perch\u00e9 richiamano la parte pi\u00f9 antica della nostra anima, la pi\u00f9 segreta, ancestrale, sepolta sotto le vittorie dell\u2019evoluzione, chiedendoci di sfuggire, anche solo per un momento, alla presunzione e alla responsabilit\u00e0 dell\u2019Io, di lasciarci andare e, semplicemente, sommessamente,&nbsp;<em>essere<\/em>&nbsp;solo una parte del tutto.<\/p>\n\n\n\n<figure class=\"wp-block-image size-large\"><img decoding=\"async\" src=\"https:\/\/uliveus.barikreativa.it\/wp-content\/uploads\/2023\/11\/20180401_144229-1-1024x768.jpg\" alt=\"\" class=\"wp-image-10304\"\/><\/figure>\n\n\n\n<p class=\"wp-block-paragraph\">Solenni, appunto. C\u2019\u00e8 del sacro in tutto questo. Una religione laica che ripensa un mondo fatto \u201c<strong><em>anche di noi\u201d&nbsp;<\/em><\/strong>e non \u201c<strong><em>solo per noi\u201d.&nbsp;<\/em><\/strong>Leggeri, liberati dal peso della consapevolezza di s\u00e9, del dover essere sempre&nbsp;<em>qualcosa<\/em>&nbsp;o&nbsp;<em>qualcuno<\/em>, possiamo solo vibrare alla stessa frequenza del tutto, risuonare per simpatia con il resto.<\/p>\n\n\n\n<p class=\"wp-block-paragraph\">Non resta che accordare, scegliere il tempo,&nbsp;<em>Andante con moto,&nbsp;<\/em>che il mare stesso ci suggerisce e suonare insieme al resto il canone infinito che narra la storia del mondo ma ci ricorda che pu\u00f2 fare anche a meno di noi.<\/p>\n\n\n\n<p class=\"wp-block-paragraph\"><em>Flavio MANGANARO \u2013 Musicista based in Monopoli, Puglia<\/em><\/p>","protected":false},"excerpt":{"rendered":"<p>Sono tornato anche per questo, qui, a casa, per questi piccoli e solenni momenti di felicit\u00e0. Svegliarsi presto, con gli occhi socchiusi e appena usciti dal sonno, aprire la finestra ed essere inondati dall\u2019aria di mare, dal suono della risacca sulla scogliera, dalla luce del mattino. L\u2019aria di mare, che entra in gola con ruvida [&hellip;]<\/p>\n","protected":false},"author":1,"featured_media":34461,"comment_status":"open","ping_status":"open","sticky":false,"template":"","format":"standard","meta":{"footnotes":""},"categories":[84],"tags":[],"class_list":["post-10293","post","type-post","status-publish","format-standard","has-post-thumbnail","hentry","category-tradizioni"],"acf":[],"yoast_head":"<!-- This site is optimized with the Yoast SEO plugin v28.3 - https:\/\/yoast.com\/product\/yoast-seo-wordpress\/ -->\n<title>Il mare, il caff\u00e8 e la luce del mattino! - Uliveus<\/title>\n<meta name=\"robots\" content=\"index, follow, max-snippet:-1, max-image-preview:large, max-video-preview:-1\" \/>\n<link rel=\"canonical\" href=\"https:\/\/www.uliveus.it\/en\/il-mare-il-caffe-e-la-luce-del-mattino\/\" \/>\n<meta property=\"og:locale\" content=\"en_GB\" \/>\n<meta property=\"og:type\" content=\"article\" \/>\n<meta property=\"og:title\" content=\"Il mare, il caff\u00e8 e la luce del mattino! - Uliveus\" \/>\n<meta property=\"og:description\" content=\"Sono tornato anche per questo, qui, a casa, per questi piccoli e solenni momenti di felicit\u00e0. Svegliarsi presto, con gli occhi socchiusi e appena usciti dal sonno, aprire la finestra ed essere inondati dall\u2019aria di mare, dal suono della risacca sulla scogliera, dalla luce del mattino. L\u2019aria di mare, che entra in gola con ruvida [&hellip;]\" \/>\n<meta property=\"og:url\" content=\"https:\/\/www.uliveus.it\/en\/il-mare-il-caffe-e-la-luce-del-mattino\/\" \/>\n<meta property=\"og:site_name\" content=\"Uliveus\" \/>\n<meta property=\"article:published_time\" content=\"2023-11-02T16:44:50+00:00\" \/>\n<meta property=\"article:modified_time\" content=\"2024-12-03T18:36:54+00:00\" \/>\n<meta property=\"og:image\" content=\"https:\/\/www.uliveus.it\/wp-content\/uploads\/2024\/12\/IMG_5441.jpg\" \/>\n\t<meta property=\"og:image:width\" content=\"2400\" \/>\n\t<meta property=\"og:image:height\" content=\"1350\" \/>\n\t<meta property=\"og:image:type\" content=\"image\/jpeg\" \/>\n<meta name=\"author\" content=\"domenico\" \/>\n<meta name=\"twitter:card\" content=\"summary_large_image\" \/>\n<meta name=\"twitter:label1\" content=\"Written by\" \/>\n\t<meta name=\"twitter:data1\" content=\"domenico\" \/>\n\t<meta name=\"twitter:label2\" content=\"Estimated reading time\" \/>\n\t<meta name=\"twitter:data2\" content=\"2 minutes\" \/>\n<script type=\"application\/ld+json\" class=\"yoast-schema-graph\">{\"@context\":\"https:\\\/\\\/schema.org\",\"@graph\":[{\"@type\":\"Article\",\"@id\":\"https:\\\/\\\/www.uliveus.it\\\/il-mare-il-caffe-e-la-luce-del-mattino\\\/#article\",\"isPartOf\":{\"@id\":\"https:\\\/\\\/www.uliveus.it\\\/il-mare-il-caffe-e-la-luce-del-mattino\\\/\"},\"author\":{\"name\":\"domenico\",\"@id\":\"https:\\\/\\\/www.uliveus.it\\\/#\\\/schema\\\/person\\\/e21660e43a9335de77994367e3628bd4\"},\"headline\":\"Il mare, il caff\u00e8 e la luce del mattino!\",\"datePublished\":\"2023-11-02T16:44:50+00:00\",\"dateModified\":\"2024-12-03T18:36:54+00:00\",\"mainEntityOfPage\":{\"@id\":\"https:\\\/\\\/www.uliveus.it\\\/il-mare-il-caffe-e-la-luce-del-mattino\\\/\"},\"wordCount\":458,\"commentCount\":3,\"publisher\":{\"@id\":\"https:\\\/\\\/www.uliveus.it\\\/#organization\"},\"image\":{\"@id\":\"https:\\\/\\\/www.uliveus.it\\\/il-mare-il-caffe-e-la-luce-del-mattino\\\/#primaryimage\"},\"thumbnailUrl\":\"https:\\\/\\\/www.uliveus.it\\\/wp-content\\\/uploads\\\/2024\\\/12\\\/IMG_5441.jpg\",\"articleSection\":[\"Tradizioni\"],\"inLanguage\":\"en-GB\",\"potentialAction\":[{\"@type\":\"CommentAction\",\"name\":\"Comment\",\"target\":[\"https:\\\/\\\/www.uliveus.it\\\/il-mare-il-caffe-e-la-luce-del-mattino\\\/#respond\"]}]},{\"@type\":\"WebPage\",\"@id\":\"https:\\\/\\\/www.uliveus.it\\\/il-mare-il-caffe-e-la-luce-del-mattino\\\/\",\"url\":\"https:\\\/\\\/www.uliveus.it\\\/il-mare-il-caffe-e-la-luce-del-mattino\\\/\",\"name\":\"Il mare, il caff\u00e8 e la luce del mattino! - Uliveus\",\"isPartOf\":{\"@id\":\"https:\\\/\\\/www.uliveus.it\\\/#website\"},\"primaryImageOfPage\":{\"@id\":\"https:\\\/\\\/www.uliveus.it\\\/il-mare-il-caffe-e-la-luce-del-mattino\\\/#primaryimage\"},\"image\":{\"@id\":\"https:\\\/\\\/www.uliveus.it\\\/il-mare-il-caffe-e-la-luce-del-mattino\\\/#primaryimage\"},\"thumbnailUrl\":\"https:\\\/\\\/www.uliveus.it\\\/wp-content\\\/uploads\\\/2024\\\/12\\\/IMG_5441.jpg\",\"datePublished\":\"2023-11-02T16:44:50+00:00\",\"dateModified\":\"2024-12-03T18:36:54+00:00\",\"breadcrumb\":{\"@id\":\"https:\\\/\\\/www.uliveus.it\\\/il-mare-il-caffe-e-la-luce-del-mattino\\\/#breadcrumb\"},\"inLanguage\":\"en-GB\",\"potentialAction\":[{\"@type\":\"ReadAction\",\"target\":[\"https:\\\/\\\/www.uliveus.it\\\/il-mare-il-caffe-e-la-luce-del-mattino\\\/\"]}]},{\"@type\":\"ImageObject\",\"inLanguage\":\"en-GB\",\"@id\":\"https:\\\/\\\/www.uliveus.it\\\/il-mare-il-caffe-e-la-luce-del-mattino\\\/#primaryimage\",\"url\":\"https:\\\/\\\/www.uliveus.it\\\/wp-content\\\/uploads\\\/2024\\\/12\\\/IMG_5441.jpg\",\"contentUrl\":\"https:\\\/\\\/www.uliveus.it\\\/wp-content\\\/uploads\\\/2024\\\/12\\\/IMG_5441.jpg\",\"width\":2400,\"height\":1350},{\"@type\":\"BreadcrumbList\",\"@id\":\"https:\\\/\\\/www.uliveus.it\\\/il-mare-il-caffe-e-la-luce-del-mattino\\\/#breadcrumb\",\"itemListElement\":[{\"@type\":\"ListItem\",\"position\":1,\"name\":\"Home\",\"item\":\"https:\\\/\\\/www.uliveus.it\\\/\"},{\"@type\":\"ListItem\",\"position\":2,\"name\":\"Il mare, il caff\u00e8 e la luce del mattino!\"}]},{\"@type\":\"WebSite\",\"@id\":\"https:\\\/\\\/www.uliveus.it\\\/#website\",\"url\":\"https:\\\/\\\/www.uliveus.it\\\/\",\"name\":\"Uliveus\",\"description\":\"Investire in Puglia per sentirsi a casa\",\"publisher\":{\"@id\":\"https:\\\/\\\/www.uliveus.it\\\/#organization\"},\"potentialAction\":[{\"@type\":\"SearchAction\",\"target\":{\"@type\":\"EntryPoint\",\"urlTemplate\":\"https:\\\/\\\/www.uliveus.it\\\/?s={search_term_string}\"},\"query-input\":{\"@type\":\"PropertyValueSpecification\",\"valueRequired\":true,\"valueName\":\"search_term_string\"}}],\"inLanguage\":\"en-GB\"},{\"@type\":\"Organization\",\"@id\":\"https:\\\/\\\/www.uliveus.it\\\/#organization\",\"name\":\"Uliveus\",\"url\":\"https:\\\/\\\/www.uliveus.it\\\/\",\"logo\":{\"@type\":\"ImageObject\",\"inLanguage\":\"en-GB\",\"@id\":\"https:\\\/\\\/www.uliveus.it\\\/#\\\/schema\\\/logo\\\/image\\\/\",\"url\":\"https:\\\/\\\/www.uliveus.it\\\/wp-content\\\/uploads\\\/2024\\\/12\\\/cropped-Progetto-senza-titolo-49.png\",\"contentUrl\":\"https:\\\/\\\/www.uliveus.it\\\/wp-content\\\/uploads\\\/2024\\\/12\\\/cropped-Progetto-senza-titolo-49.png\",\"width\":1328,\"height\":500,\"caption\":\"Uliveus\"},\"image\":{\"@id\":\"https:\\\/\\\/www.uliveus.it\\\/#\\\/schema\\\/logo\\\/image\\\/\"}},{\"@type\":\"Person\",\"@id\":\"https:\\\/\\\/www.uliveus.it\\\/#\\\/schema\\\/person\\\/e21660e43a9335de77994367e3628bd4\",\"name\":\"domenico\",\"image\":{\"@type\":\"ImageObject\",\"inLanguage\":\"en-GB\",\"@id\":\"https:\\\/\\\/secure.gravatar.com\\\/avatar\\\/ad12c577cb7ba0fb8e19d345f12b4fbd41f7155188167e67ae9ff1f4c446b371?s=96&d=mm&r=g\",\"url\":\"https:\\\/\\\/secure.gravatar.com\\\/avatar\\\/ad12c577cb7ba0fb8e19d345f12b4fbd41f7155188167e67ae9ff1f4c446b371?s=96&d=mm&r=g\",\"contentUrl\":\"https:\\\/\\\/secure.gravatar.com\\\/avatar\\\/ad12c577cb7ba0fb8e19d345f12b4fbd41f7155188167e67ae9ff1f4c446b371?s=96&d=mm&r=g\",\"caption\":\"domenico\"},\"sameAs\":[\"https:\\\/\\\/www.uliveus.it\"],\"url\":\"https:\\\/\\\/www.uliveus.it\\\/en\\\/author\\\/domenico\\\/\"}]}<\/script>\n<!-- \/ Yoast SEO plugin. -->","yoast_head_json":{"title":"Il mare, il caff\u00e8 e la luce del mattino! - Uliveus","robots":{"index":"index","follow":"follow","max-snippet":"max-snippet:-1","max-image-preview":"max-image-preview:large","max-video-preview":"max-video-preview:-1"},"canonical":"https:\/\/www.uliveus.it\/en\/il-mare-il-caffe-e-la-luce-del-mattino\/","og_locale":"en_GB","og_type":"article","og_title":"Il mare, il caff\u00e8 e la luce del mattino! - Uliveus","og_description":"Sono tornato anche per questo, qui, a casa, per questi piccoli e solenni momenti di felicit\u00e0. Svegliarsi presto, con gli occhi socchiusi e appena usciti dal sonno, aprire la finestra ed essere inondati dall\u2019aria di mare, dal suono della risacca sulla scogliera, dalla luce del mattino. L\u2019aria di mare, che entra in gola con ruvida [&hellip;]","og_url":"https:\/\/www.uliveus.it\/en\/il-mare-il-caffe-e-la-luce-del-mattino\/","og_site_name":"Uliveus","article_published_time":"2023-11-02T16:44:50+00:00","article_modified_time":"2024-12-03T18:36:54+00:00","og_image":[{"width":2400,"height":1350,"url":"https:\/\/www.uliveus.it\/wp-content\/uploads\/2024\/12\/IMG_5441.jpg","type":"image\/jpeg"}],"author":"domenico","twitter_card":"summary_large_image","twitter_misc":{"Written by":"domenico","Estimated reading time":"2 minutes"},"schema":{"@context":"https:\/\/schema.org","@graph":[{"@type":"Article","@id":"https:\/\/www.uliveus.it\/il-mare-il-caffe-e-la-luce-del-mattino\/#article","isPartOf":{"@id":"https:\/\/www.uliveus.it\/il-mare-il-caffe-e-la-luce-del-mattino\/"},"author":{"name":"domenico","@id":"https:\/\/www.uliveus.it\/#\/schema\/person\/e21660e43a9335de77994367e3628bd4"},"headline":"Il mare, il caff\u00e8 e la luce del mattino!","datePublished":"2023-11-02T16:44:50+00:00","dateModified":"2024-12-03T18:36:54+00:00","mainEntityOfPage":{"@id":"https:\/\/www.uliveus.it\/il-mare-il-caffe-e-la-luce-del-mattino\/"},"wordCount":458,"commentCount":3,"publisher":{"@id":"https:\/\/www.uliveus.it\/#organization"},"image":{"@id":"https:\/\/www.uliveus.it\/il-mare-il-caffe-e-la-luce-del-mattino\/#primaryimage"},"thumbnailUrl":"https:\/\/www.uliveus.it\/wp-content\/uploads\/2024\/12\/IMG_5441.jpg","articleSection":["Tradizioni"],"inLanguage":"en-GB","potentialAction":[{"@type":"CommentAction","name":"Comment","target":["https:\/\/www.uliveus.it\/il-mare-il-caffe-e-la-luce-del-mattino\/#respond"]}]},{"@type":"WebPage","@id":"https:\/\/www.uliveus.it\/il-mare-il-caffe-e-la-luce-del-mattino\/","url":"https:\/\/www.uliveus.it\/il-mare-il-caffe-e-la-luce-del-mattino\/","name":"Il mare, il caff\u00e8 e la luce del mattino! - Uliveus","isPartOf":{"@id":"https:\/\/www.uliveus.it\/#website"},"primaryImageOfPage":{"@id":"https:\/\/www.uliveus.it\/il-mare-il-caffe-e-la-luce-del-mattino\/#primaryimage"},"image":{"@id":"https:\/\/www.uliveus.it\/il-mare-il-caffe-e-la-luce-del-mattino\/#primaryimage"},"thumbnailUrl":"https:\/\/www.uliveus.it\/wp-content\/uploads\/2024\/12\/IMG_5441.jpg","datePublished":"2023-11-02T16:44:50+00:00","dateModified":"2024-12-03T18:36:54+00:00","breadcrumb":{"@id":"https:\/\/www.uliveus.it\/il-mare-il-caffe-e-la-luce-del-mattino\/#breadcrumb"},"inLanguage":"en-GB","potentialAction":[{"@type":"ReadAction","target":["https:\/\/www.uliveus.it\/il-mare-il-caffe-e-la-luce-del-mattino\/"]}]},{"@type":"ImageObject","inLanguage":"en-GB","@id":"https:\/\/www.uliveus.it\/il-mare-il-caffe-e-la-luce-del-mattino\/#primaryimage","url":"https:\/\/www.uliveus.it\/wp-content\/uploads\/2024\/12\/IMG_5441.jpg","contentUrl":"https:\/\/www.uliveus.it\/wp-content\/uploads\/2024\/12\/IMG_5441.jpg","width":2400,"height":1350},{"@type":"BreadcrumbList","@id":"https:\/\/www.uliveus.it\/il-mare-il-caffe-e-la-luce-del-mattino\/#breadcrumb","itemListElement":[{"@type":"ListItem","position":1,"name":"Home","item":"https:\/\/www.uliveus.it\/"},{"@type":"ListItem","position":2,"name":"Il mare, il caff\u00e8 e la luce del mattino!"}]},{"@type":"WebSite","@id":"https:\/\/www.uliveus.it\/#website","url":"https:\/\/www.uliveus.it\/","name":"Uliveus","description":"Investing in Puglia to feel at home","publisher":{"@id":"https:\/\/www.uliveus.it\/#organization"},"potentialAction":[{"@type":"SearchAction","target":{"@type":"EntryPoint","urlTemplate":"https:\/\/www.uliveus.it\/?s={search_term_string}"},"query-input":{"@type":"PropertyValueSpecification","valueRequired":true,"valueName":"search_term_string"}}],"inLanguage":"en-GB"},{"@type":"Organization","@id":"https:\/\/www.uliveus.it\/#organization","name":"Uliveus","url":"https:\/\/www.uliveus.it\/","logo":{"@type":"ImageObject","inLanguage":"en-GB","@id":"https:\/\/www.uliveus.it\/#\/schema\/logo\/image\/","url":"https:\/\/www.uliveus.it\/wp-content\/uploads\/2024\/12\/cropped-Progetto-senza-titolo-49.png","contentUrl":"https:\/\/www.uliveus.it\/wp-content\/uploads\/2024\/12\/cropped-Progetto-senza-titolo-49.png","width":1328,"height":500,"caption":"Uliveus"},"image":{"@id":"https:\/\/www.uliveus.it\/#\/schema\/logo\/image\/"}},{"@type":"Person","@id":"https:\/\/www.uliveus.it\/#\/schema\/person\/e21660e43a9335de77994367e3628bd4","name":"domenico","image":{"@type":"ImageObject","inLanguage":"en-GB","@id":"https:\/\/secure.gravatar.com\/avatar\/ad12c577cb7ba0fb8e19d345f12b4fbd41f7155188167e67ae9ff1f4c446b371?s=96&d=mm&r=g","url":"https:\/\/secure.gravatar.com\/avatar\/ad12c577cb7ba0fb8e19d345f12b4fbd41f7155188167e67ae9ff1f4c446b371?s=96&d=mm&r=g","contentUrl":"https:\/\/secure.gravatar.com\/avatar\/ad12c577cb7ba0fb8e19d345f12b4fbd41f7155188167e67ae9ff1f4c446b371?s=96&d=mm&r=g","caption":"domenico"},"sameAs":["https:\/\/www.uliveus.it"],"url":"https:\/\/www.uliveus.it\/en\/author\/domenico\/"}]}},"_links":{"self":[{"href":"https:\/\/www.uliveus.it\/en\/wp-json\/wp\/v2\/posts\/10293","targetHints":{"allow":["GET"]}}],"collection":[{"href":"https:\/\/www.uliveus.it\/en\/wp-json\/wp\/v2\/posts"}],"about":[{"href":"https:\/\/www.uliveus.it\/en\/wp-json\/wp\/v2\/types\/post"}],"author":[{"embeddable":true,"href":"https:\/\/www.uliveus.it\/en\/wp-json\/wp\/v2\/users\/1"}],"replies":[{"embeddable":true,"href":"https:\/\/www.uliveus.it\/en\/wp-json\/wp\/v2\/comments?post=10293"}],"version-history":[{"count":1,"href":"https:\/\/www.uliveus.it\/en\/wp-json\/wp\/v2\/posts\/10293\/revisions"}],"predecessor-version":[{"id":34460,"href":"https:\/\/www.uliveus.it\/en\/wp-json\/wp\/v2\/posts\/10293\/revisions\/34460"}],"wp:featuredmedia":[{"embeddable":true,"href":"https:\/\/www.uliveus.it\/en\/wp-json\/wp\/v2\/media\/34461"}],"wp:attachment":[{"href":"https:\/\/www.uliveus.it\/en\/wp-json\/wp\/v2\/media?parent=10293"}],"wp:term":[{"taxonomy":"category","embeddable":true,"href":"https:\/\/www.uliveus.it\/en\/wp-json\/wp\/v2\/categories?post=10293"},{"taxonomy":"post_tag","embeddable":true,"href":"https:\/\/www.uliveus.it\/en\/wp-json\/wp\/v2\/tags?post=10293"}],"curies":[{"name":"wp","href":"https:\/\/api.w.org\/{rel}","templated":true}]}}